{"id":2734,"date":"2024-11-19T02:53:29","date_gmt":"2024-11-19T02:53:29","guid":{"rendered":"https:\/\/essenled.com\/?p=2734"},"modified":"2024-11-19T02:53:30","modified_gmt":"2024-11-19T02:53:30","slug":"10-reasons-to-use-lighting-design","status":"publish","type":"post","link":"https:\/\/essenled.com\/cs\/10-reasons-to-use-lighting-design\/","title":{"rendered":"10 d\u016fvod\u016f, pro\u010d pou\u017e\u00edvat design osv\u011btlen\u00ed"},"content":{"rendered":"<p>N\u00e1vrh osv\u011btlen\u00ed je v\u00edc ne\u017e jen osv\u011btlen\u00ed prostoru. Je to um\u011bn\u00ed a v\u011bda, kter\u00e1 m\u011bn\u00ed zp\u016fsob, jak\u00fdm komunikujeme s na\u0161\u00edm prost\u0159ed\u00edm, a spojuje estetiku, funk\u010dnost a inovace. Pokud pot\u0159ebujete LED p\u00e1sek, p\u0159e\u010dt\u011bte si pls <a href=\"https:\/\/essenled.com\/cs\/what-are-led-light-strips-2024-comprehensive-analysis\/\" target=\"_blank\" rel=\"noreferrer noopener\">Co jsou sv\u011bteln\u00e9 p\u00e1sky LED? 2024 Komplexn\u00ed anal\u00fdza<\/a><\/p>\n\n\n\n<p>A\u0165 u\u017e se jedn\u00e1 o dom\u00e1cnost, kancel\u00e1\u0159 nebo ve\u0159ejn\u00fd prostor, promy\u0161len\u00fd n\u00e1vrh osv\u011btlen\u00ed m\u016f\u017ee zlep\u0161it viditelnost, bezpe\u010dnost a dokonce i hodnotu nemovitosti. N\u00ed\u017ee uv\u00e1d\u00edme 10 p\u00e1dn\u00fdch d\u016fvod\u016f, pro\u010d je n\u00e1vrh osv\u011btlen\u00ed pro ka\u017ed\u00fd prostor z\u00e1sadn\u00ed.<\/p>\n\n\n\n<h2 class=\"wp-block-heading\" id=\"h-aesthetics-and-architectural-appeal\">Estetika a architektonick\u00fd vzhled<\/h2>\n\n\n\n<p>Promy\u0161len\u011b navr\u017een\u00fd syst\u00e9m osv\u011btlen\u00ed zd\u016fraz\u0148uje architektonick\u00e9 prvky a zvy\u0161uje celkovou estetiku prostoru. Zv\u00fdraz\u0148uje textury, barvy a materi\u00e1ly a vytv\u00e1\u0159\u00ed vizu\u00e1ln\u00ed hierarchii, kter\u00e1 upozor\u0148uje na kl\u00ed\u010dov\u00e9 prvky. Nap\u0159\u00edklad osv\u011btlen\u00ed nahoru m\u016f\u017ee zd\u016fraznit vysok\u00e9 stropy, zat\u00edmco podsv\u00edcen\u00ed dod\u00e1 dekorativn\u00edm st\u011bn\u00e1m hloubku.<\/p>\n\n\n\n<figure class=\"wp-block-image size-full is-resized\"><img fetchpriority=\"high\" decoding=\"async\" width=\"800\" height=\"800\" src=\"https:\/\/essenled.com\/wp-content\/uploads\/2024\/02\/360-Degree-Round-LED-Neon-Flex.webp\" alt=\"360 stup\u0148\u016f kulat\u00fd LED neon Flex\" class=\"wp-image-1406\" style=\"width:428px;height:auto\" srcset=\"https:\/\/essenled.com\/wp-content\/uploads\/2024\/02\/360-Degree-Round-LED-Neon-Flex.webp 800w, https:\/\/essenled.com\/wp-content\/uploads\/2024\/02\/360-Degree-Round-LED-Neon-Flex-300x300.webp 300w, https:\/\/essenled.com\/wp-content\/uploads\/2024\/02\/360-Degree-Round-LED-Neon-Flex-150x150.webp 150w, https:\/\/essenled.com\/wp-content\/uploads\/2024\/02\/360-Degree-Round-LED-Neon-Flex-768x768.webp 768w, https:\/\/essenled.com\/wp-content\/uploads\/2024\/02\/360-Degree-Round-LED-Neon-Flex-12x12.webp 12w, https:\/\/essenled.com\/wp-content\/uploads\/2024\/02\/360-Degree-Round-LED-Neon-Flex-600x600.webp 600w, https:\/\/essenled.com\/wp-content\/uploads\/2024\/02\/360-Degree-Round-LED-Neon-Flex-100x100.webp 100w\" sizes=\"(max-width: 800px) 100vw, 800px\" \/><\/figure>\n\n\n\n<h2 class=\"wp-block-heading\" id=\"h-improved-functionality-and-productivity\">Vylep\u0161en\u00e1 funk\u010dnost a produktivita<\/h2>\n\n\n\n<p>Osv\u011btlen\u00ed hraje z\u00e1sadn\u00ed roli p\u0159i zlep\u0161ov\u00e1n\u00ed funk\u010dnosti prostor. \u00dakolov\u00e9 osv\u011btlen\u00ed, nap\u0159\u00edklad osv\u011btlen\u00ed pod sk\u0159\u00ed\u0148kou v kuchyni nebo stoln\u00ed lampy v kancel\u00e1\u0159i, zaji\u0161\u0165uje snadn\u00e9 prov\u00e1d\u011bn\u00ed konkr\u00e9tn\u00edch \u010dinnost\u00ed. Spr\u00e1vn\u00e9 osv\u011btlen\u00ed tak\u00e9 zvy\u0161uje produktivitu t\u00edm, \u017ee sni\u017euje nam\u00e1h\u00e1n\u00ed o\u010d\u00ed a zvy\u0161uje soust\u0159ed\u011bn\u00ed na pracovi\u0161ti.<\/p>\n\n\n\n<h2 class=\"wp-block-heading\" id=\"h-enhanced-safety-and-security\">Zv\u00fd\u0161en\u00e1 bezpe\u010dnost a zabezpe\u010den\u00ed<\/h2>\n\n\n\n<p>Strategick\u00e9 osv\u011btlen\u00ed zvy\u0161uje bezpe\u010dnost t\u00edm, \u017ee eliminuje tmav\u00e9 oblasti, kde by mohlo doj\u00edt k nehod\u00e1m nebo nepovolen\u00fdm \u010dinnostem. Venkovn\u00ed osv\u011btlen\u00ed cest, schodi\u0161\u0165 a p\u0159\u00edjezdov\u00fdch cest zaji\u0161\u0165uje bezpe\u010dnou navigaci v noci a sv\u011btla aktivovan\u00e1 pohybem odrazuj\u00ed potenci\u00e1ln\u00ed vet\u0159elce.<\/p>\n\n\n\n<h2 class=\"wp-block-heading\" id=\"h-energy-efficiency\">Energetick\u00e1 \u00fa\u010dinnost<\/h2>\n\n\n\n<p>Modern\u00ed design osv\u011btlen\u00ed zahrnuje energeticky \u00fa\u010dinn\u00e1 \u0159e\u0161en\u00ed, jako je technologie LED, kter\u00e1 spot\u0159ebov\u00e1v\u00e1 m\u00e9n\u011b energie a m\u00e1 del\u0161\u00ed \u017eivotnost ne\u017e tradi\u010dn\u00ed \u017e\u00e1rovky. Optimalizac\u00ed um\u00edst\u011bn\u00ed sv\u00edtidel a intenzity sv\u011btla lze v\u00fdrazn\u011b sn\u00ed\u017eit spot\u0159ebu energie, ani\u017e by do\u0161lo ke sn\u00ed\u017een\u00ed jasu nebo kvality.<\/p>\n\n\n\n<h2 class=\"wp-block-heading\" id=\"h-flexible-smart-home-integration\">Flexibiln\u00ed integrace inteligentn\u00ed dom\u00e1cnosti<\/h2>\n\n\n\n<p>Chytr\u00e9 syst\u00e9my osv\u011btlen\u00ed umo\u017e\u0148uj\u00ed u\u017eivatel\u016fm ovl\u00e1dat jas, barvu a pl\u00e1nov\u00e1n\u00ed prost\u0159ednictv\u00edm mobiln\u00edch aplikac\u00ed nebo hlasov\u00fdch p\u0159\u00edkaz\u016f. Tyto syst\u00e9my zvy\u0161uj\u00ed pohodl\u00ed a lze je naprogramovat tak, aby se p\u0159izp\u016fsobily denn\u00edm zvyklostem, nap\u0159\u00edklad aby se sv\u011btla p\u0159ed span\u00edm postupn\u011b ztlumila nebo r\u00e1no rozz\u00e1\u0159ila a simulovala v\u00fdchod slunce.<\/p>\n\n\n\n<figure class=\"wp-block-image size-full is-resized\"><img decoding=\"async\" width=\"1000\" height=\"1000\" src=\"https:\/\/essenled.com\/wp-content\/uploads\/2024\/03\/SLIM-0612-LED-Neon-Tube.webp\" alt=\"SLIM 0612 LED neonov\u00e1 trubice\" class=\"wp-image-1567\" style=\"width:406px;height:auto\" srcset=\"https:\/\/essenled.com\/wp-content\/uploads\/2024\/03\/SLIM-0612-LED-Neon-Tube.webp 1000w, https:\/\/essenled.com\/wp-content\/uploads\/2024\/03\/SLIM-0612-LED-Neon-Tube-300x300.webp 300w, https:\/\/essenled.com\/wp-content\/uploads\/2024\/03\/SLIM-0612-LED-Neon-Tube-150x150.webp 150w, https:\/\/essenled.com\/wp-content\/uploads\/2024\/03\/SLIM-0612-LED-Neon-Tube-768x768.webp 768w, https:\/\/essenled.com\/wp-content\/uploads\/2024\/03\/SLIM-0612-LED-Neon-Tube-12x12.webp 12w, https:\/\/essenled.com\/wp-content\/uploads\/2024\/03\/SLIM-0612-LED-Neon-Tube-600x600.webp 600w, https:\/\/essenled.com\/wp-content\/uploads\/2024\/03\/SLIM-0612-LED-Neon-Tube-100x100.webp 100w\" sizes=\"(max-width: 1000px) 100vw, 1000px\" \/><\/figure>\n\n\n\n<h2 class=\"wp-block-heading\" id=\"h-art-and-decoration\">Um\u011bn\u00ed a dekorace<\/h2>\n\n\n\n<p>Osv\u011btlen\u00ed m\u016f\u017ee b\u00fdt samo o sob\u011b um\u011bn\u00edm. Socha\u0159sk\u00e9 instalace a kreativn\u00ed sv\u00edtidla mohou slou\u017eit jako dekorativn\u00ed prvky, kter\u00e9 ur\u010duj\u00ed charakter m\u00edstnosti. Akcentov\u00e9 osv\u011btlen\u00ed m\u016f\u017ee tak\u00e9 zv\u00fd\u0161it vizu\u00e1ln\u00ed p\u0159ita\u017elivost um\u011bn\u00ed, n\u00e1bytku a dal\u0161\u00edch designov\u00fdch prvk\u016f.<\/p>\n\n\n\n<h2 class=\"wp-block-heading\" id=\"h-property-value\">Hodnota nemovitosti<\/h2>\n\n\n\n<p>Dob\u0159e osv\u011btlen\u00e1 nemovitost je pro kupuj\u00edc\u00ed a n\u00e1jemce atraktivn\u011bj\u0161\u00ed, co\u017e zvy\u0161uje jej\u00ed tr\u017en\u00ed hodnotu. Architektonick\u00e9 n\u00e1vrhy osv\u011btlen\u00ed, jako jsou osv\u011btlen\u00e9 ter\u00e9nn\u00ed \u00fapravy nebo energeticky \u00fasporn\u00e1 sv\u00edtidla, mohou na realitn\u00edch trz\u00edch v\u00fdrazn\u011b zv\u00fd\u0161it atraktivitu a p\u0159il\u00e1kat vy\u0161\u0161\u00ed nab\u00eddky.<\/p>\n\n\n\n<h2 class=\"wp-block-heading\" id=\"h-customization\">P\u0159izp\u016fsoben\u00ed<\/h2>\n\n\n\n<p>N\u00e1vrh osv\u011btlen\u00ed umo\u017e\u0148uje \u0159e\u0161en\u00ed na m\u00edru, kter\u00e1 spl\u0148uj\u00ed konkr\u00e9tn\u00ed pot\u0159eby a preference. Z <strong><a href=\"https:\/\/essenled.com\/cs\/kategorie-produktu\/led-strip\/tunable-white-series\/\" target=\"_blank\" rel=\"noreferrer noopener\">Dvoubarevn\u00fd LED p\u00e1sek<\/a><\/strong> nastaviteln\u00fdm \u00farovn\u00edm jasu se osv\u011btlen\u00ed p\u0159izp\u016fsobuje r\u016fzn\u00fdm n\u00e1lad\u00e1m a \u010dinnostem a zaji\u0161\u0165uje individu\u00e1ln\u00ed z\u00e1\u017eitek v ka\u017ed\u00e9m prostoru.<\/p>\n\n\n\n<h2 class=\"wp-block-heading\" id=\"h-flexibility-and-adaptability\">Flexibilita a p\u0159izp\u016fsobivost<\/h2>\n\n\n\n<p>Modern\u00ed design osv\u011btlen\u00ed je velmi p\u0159izp\u016fsobiv\u00fd, tak\u017ee je snadn\u00e9 m\u011bnit sch\u00e9ma osv\u011btlen\u00ed podle toho, jak se prostor vyv\u00edj\u00ed. Modul\u00e1rn\u00ed osv\u011btlovac\u00ed syst\u00e9my nap\u0159\u00edklad umo\u017e\u0148uj\u00ed p\u0159id\u00e1vat nebo p\u0159emis\u0165ovat sv\u00edtidla bez rozs\u00e1hl\u00fdch rekonstrukc\u00ed.<\/p>\n\n\n\n<h2 class=\"wp-block-heading\" id=\"h-expertise-and-innovation\">Odbornost a inovace<\/h2>\n\n\n\n<p>Profesion\u00e1ln\u00ed sv\u011bteln\u00ed design\u00e9\u0159i p\u0159in\u00e1\u0161ej\u00ed do projekt\u016f bohat\u00e9 znalosti a kreativitu. Vyu\u017e\u00edvaj\u00ed pokro\u010dil\u00e9 technologie, jako je laditeln\u00e9 b\u00edl\u00e9 osv\u011btlen\u00ed a automatizovan\u00e9 syst\u00e9my, k poskytov\u00e1n\u00ed inovativn\u00edch \u0159e\u0161en\u00ed, kter\u00e1 zvy\u0161uj\u00ed kvalitu a efektivitu prostoru.<\/p>\n\n\n\n<h2 class=\"wp-block-heading\">Z\u00e1v\u011br<\/h2>\n\n\n\n<p>Design osv\u011btlen\u00ed je mocn\u00fd n\u00e1stroj, kter\u00fd m\u011bn\u00ed prostory, zlep\u0161uje funk\u010dnost a kvalitu \u017eivota. S<a href=\"https:\/\/essenled.com\/cs\/\" target=\"_blank\" rel=\"noreferrer noopener\"> <strong>ESSENLED <\/strong><\/a>odborn\u00e9 znalosti v oblasti LED p\u00e1skov\u00fdch sv\u011btel a <strong><a href=\"https:\/\/essenled.com\/cs\/kategorie-produktu\/neon-strip\/\" target=\"_blank\" rel=\"noreferrer noopener\">neonov\u00e9 flex osv\u011btlen\u00ed<\/a><\/strong>, m\u016f\u017eete do sv\u00e9ho domova nebo firmy vn\u00e9st profesion\u00e1ln\u00ed design osv\u011btlen\u00ed, za kter\u00fdm stoj\u00ed z\u00e1ruka kvality a mo\u017enosti p\u0159izp\u016fsoben\u00ed.<\/p>\n\n\n\n<p>Prom\u011b\u0148te sv\u00e9 prostory pomoc\u00ed promy\u0161len\u00e9ho designu osv\u011btlen\u00ed a poznejte, jak\u00fd je to rozd\u00edl!<\/p>","protected":false},"excerpt":{"rendered":"<p>N\u00e1vrh osv\u011btlen\u00ed je v\u00edc ne\u017e jen osv\u011btlen\u00ed prostoru. Je to um\u011bn\u00ed a v\u011bda, kter\u00e1 m\u011bn\u00ed zp\u016fsob, jak\u00fdm komunikujeme s na\u0161\u00edm prost\u0159ed\u00edm, a spojuje estetiku, funk\u010dnost a inovace. Pokud pot\u0159ebujete LED p\u00e1sek, p\u0159e\u010dt\u011bte si pls Co jsou LED sv\u011bteln\u00e9 p\u00e1sky? 2024 Komplexn\u00ed anal\u00fdza A\u0165 u\u017e se jedn\u00e1 o dom\u00e1cnost, kancel\u00e1\u0159 nebo ve\u0159ejn\u00fd prostor, dob\u0159e promy\u0161len\u00e9 osv\u011btlen\u00ed...<\/p>","protected":false},"author":1,"featured_media":2759,"comment_status":"closed","ping_status":"closed","sticky":false,"template":"","format":"standard","meta":{"_kad_post_transparent":"","_kad_post_title":"","_kad_post_layout":"","_kad_post_sidebar_id":"","_kad_post_content_style":"","_kad_post_vertical_padding":"","_kad_post_feature":"","_kad_post_feature_position":"","_kad_post_header":false,"_kad_post_footer":false,"_kad_post_classname":"","footnotes":""},"categories":[1],"tags":[902,901],"class_list":["post-2734","post","type-post","status-publish","format-standard","has-post-thumbnail","hentry","category-blog","tag-ceiling-pendant-light","tag-kitchen-pendant-lighting"],"yoast_head":"<!-- This site is optimized with the Yoast SEO Premium plugin v24.3 (Yoast SEO v27.4) - https:\/\/yoast.com\/product\/yoast-seo-premium-wordpress\/ -->\n<title>10 Reasons to Use Lighting Design - ESSENLED<\/title>\n<meta name=\"description\" content=\"Lighting design is a powerful tool that transforms spaces, improves functionality, and enhances quality of life.\" \/>\n<meta name=\"robots\" content=\"index, follow, max-snippet:-1, max-image-preview:large, max-video-preview:-1\" \/>\n<link rel=\"canonical\" href=\"https:\/\/essenled.com\/cs\/10-reasons-to-use-lighting-design\/\" \/>\n<meta property=\"og:locale\" content=\"cs_CZ\" \/>\n<meta property=\"og:type\" content=\"article\" \/>\n<meta property=\"og:title\" content=\"10 Reasons to Use Lighting Design\" \/>\n<meta property=\"og:description\" content=\"Lighting design is a powerful tool that transforms spaces, improves functionality, and enhances quality of life.\" \/>\n<meta property=\"og:url\" content=\"https:\/\/essenled.com\/cs\/10-reasons-to-use-lighting-design\/\" \/>\n<meta property=\"og:site_name\" content=\"ESSENLED\" \/>\n<meta property=\"article:published_time\" content=\"2024-11-19T02:53:29+00:00\" \/>\n<meta property=\"article:modified_time\" content=\"2024-11-19T02:53:30+00:00\" \/>\n<meta property=\"og:image\" content=\"https:\/\/essenled.com\/wp-content\/uploads\/2024\/11\/Reasons-to-Use-Lighting-Design.webp\" \/>\n\t<meta property=\"og:image:width\" content=\"800\" \/>\n\t<meta property=\"og:image:height\" content=\"500\" \/>\n\t<meta property=\"og:image:type\" content=\"image\/webp\" \/>\n<meta name=\"author\" content=\"essenled.com\" \/>\n<meta name=\"twitter:card\" content=\"summary_large_image\" \/>\n<meta name=\"twitter:label1\" content=\"Napsal(a)\" \/>\n\t<meta name=\"twitter:data1\" content=\"essenled.com\" \/>\n\t<meta name=\"twitter:label2\" content=\"Odhadovan\u00e1 doba \u010dten\u00ed\" \/>\n\t<meta name=\"twitter:data2\" content=\"4 minuty\" \/>\n<script type=\"application\/ld+json\" class=\"yoast-schema-graph\">{\"@context\":\"https:\\\/\\\/schema.org\",\"@graph\":[{\"@type\":\"Article\",\"@id\":\"https:\\\/\\\/essenled.com\\\/10-reasons-to-use-lighting-design\\\/#article\",\"isPartOf\":{\"@id\":\"https:\\\/\\\/essenled.com\\\/10-reasons-to-use-lighting-design\\\/\"},\"author\":{\"name\":\"essenled.com\",\"@id\":\"https:\\\/\\\/essenled.com\\\/#\\\/schema\\\/person\\\/37cef56e83dc72fba62728896e2604f8\"},\"headline\":\"10 Reasons to Use Lighting Design\",\"datePublished\":\"2024-11-19T02:53:29+00:00\",\"dateModified\":\"2024-11-19T02:53:30+00:00\",\"mainEntityOfPage\":{\"@id\":\"https:\\\/\\\/essenled.com\\\/10-reasons-to-use-lighting-design\\\/\"},\"wordCount\":565,\"publisher\":{\"@id\":\"https:\\\/\\\/essenled.com\\\/#organization\"},\"image\":{\"@id\":\"https:\\\/\\\/essenled.com\\\/10-reasons-to-use-lighting-design\\\/#primaryimage\"},\"thumbnailUrl\":\"https:\\\/\\\/essenled.com\\\/wp-content\\\/uploads\\\/2024\\\/11\\\/Reasons-to-Use-Lighting-Design.webp\",\"keywords\":[\"ceiling pendant light\",\"kitchen pendant lighting\"],\"articleSection\":[\"Blog\"],\"inLanguage\":\"cs\"},{\"@type\":\"WebPage\",\"@id\":\"https:\\\/\\\/essenled.com\\\/10-reasons-to-use-lighting-design\\\/\",\"url\":\"https:\\\/\\\/essenled.com\\\/10-reasons-to-use-lighting-design\\\/\",\"name\":\"10 Reasons to Use Lighting Design - ESSENLED\",\"isPartOf\":{\"@id\":\"https:\\\/\\\/essenled.com\\\/#website\"},\"primaryImageOfPage\":{\"@id\":\"https:\\\/\\\/essenled.com\\\/10-reasons-to-use-lighting-design\\\/#primaryimage\"},\"image\":{\"@id\":\"https:\\\/\\\/essenled.com\\\/10-reasons-to-use-lighting-design\\\/#primaryimage\"},\"thumbnailUrl\":\"https:\\\/\\\/essenled.com\\\/wp-content\\\/uploads\\\/2024\\\/11\\\/Reasons-to-Use-Lighting-Design.webp\",\"datePublished\":\"2024-11-19T02:53:29+00:00\",\"dateModified\":\"2024-11-19T02:53:30+00:00\",\"description\":\"Lighting design is a powerful tool that transforms spaces, improves functionality, and enhances quality of life.\",\"breadcrumb\":{\"@id\":\"https:\\\/\\\/essenled.com\\\/10-reasons-to-use-lighting-design\\\/#breadcrumb\"},\"inLanguage\":\"cs\",\"potentialAction\":[{\"@type\":\"ReadAction\",\"target\":[\"https:\\\/\\\/essenled.com\\\/10-reasons-to-use-lighting-design\\\/\"]}]},{\"@type\":\"ImageObject\",\"inLanguage\":\"cs\",\"@id\":\"https:\\\/\\\/essenled.com\\\/10-reasons-to-use-lighting-design\\\/#primaryimage\",\"url\":\"https:\\\/\\\/essenled.com\\\/wp-content\\\/uploads\\\/2024\\\/11\\\/Reasons-to-Use-Lighting-Design.webp\",\"contentUrl\":\"https:\\\/\\\/essenled.com\\\/wp-content\\\/uploads\\\/2024\\\/11\\\/Reasons-to-Use-Lighting-Design.webp\",\"width\":800,\"height\":500,\"caption\":\"Reasons to Use Lighting Design\"},{\"@type\":\"BreadcrumbList\",\"@id\":\"https:\\\/\\\/essenled.com\\\/10-reasons-to-use-lighting-design\\\/#breadcrumb\",\"itemListElement\":[{\"@type\":\"ListItem\",\"position\":1,\"name\":\"Home\",\"item\":\"https:\\\/\\\/essenled.com\\\/\"},{\"@type\":\"ListItem\",\"position\":2,\"name\":\"10 Reasons to Use Lighting Design\"}]},{\"@type\":\"WebSite\",\"@id\":\"https:\\\/\\\/essenled.com\\\/#website\",\"url\":\"https:\\\/\\\/essenled.com\\\/\",\"name\":\"ESSENLED\",\"description\":\"\",\"publisher\":{\"@id\":\"https:\\\/\\\/essenled.com\\\/#organization\"},\"potentialAction\":[{\"@type\":\"SearchAction\",\"target\":{\"@type\":\"EntryPoint\",\"urlTemplate\":\"https:\\\/\\\/essenled.com\\\/?s={search_term_string}\"},\"query-input\":{\"@type\":\"PropertyValueSpecification\",\"valueRequired\":true,\"valueName\":\"search_term_string\"}}],\"inLanguage\":\"cs\"},{\"@type\":\"Organization\",\"@id\":\"https:\\\/\\\/essenled.com\\\/#organization\",\"name\":\"ESSENLED\",\"url\":\"https:\\\/\\\/essenled.com\\\/\",\"logo\":{\"@type\":\"ImageObject\",\"inLanguage\":\"cs\",\"@id\":\"https:\\\/\\\/essenled.com\\\/#\\\/schema\\\/logo\\\/image\\\/\",\"url\":\"https:\\\/\\\/essenled.com\\\/wp-content\\\/uploads\\\/2024\\\/01\\\/Essen-logo.png\",\"contentUrl\":\"https:\\\/\\\/essenled.com\\\/wp-content\\\/uploads\\\/2024\\\/01\\\/Essen-logo.png\",\"width\":800,\"height\":110,\"caption\":\"ESSENLED\"},\"image\":{\"@id\":\"https:\\\/\\\/essenled.com\\\/#\\\/schema\\\/logo\\\/image\\\/\"}},{\"@type\":\"Person\",\"@id\":\"https:\\\/\\\/essenled.com\\\/#\\\/schema\\\/person\\\/37cef56e83dc72fba62728896e2604f8\",\"name\":\"essenled.com\",\"image\":{\"@type\":\"ImageObject\",\"inLanguage\":\"cs\",\"@id\":\"https:\\\/\\\/secure.gravatar.com\\\/avatar\\\/67a86d7b09b4fa77190463150754f4f008b6e0aa9fd698ceb115608660ff9234?s=96&d=mm&r=g\",\"url\":\"https:\\\/\\\/secure.gravatar.com\\\/avatar\\\/67a86d7b09b4fa77190463150754f4f008b6e0aa9fd698ceb115608660ff9234?s=96&d=mm&r=g\",\"contentUrl\":\"https:\\\/\\\/secure.gravatar.com\\\/avatar\\\/67a86d7b09b4fa77190463150754f4f008b6e0aa9fd698ceb115608660ff9234?s=96&d=mm&r=g\",\"caption\":\"essenled.com\"},\"sameAs\":[\"https:\\\/\\\/essenled.com\"],\"url\":\"https:\\\/\\\/essenled.com\\\/cs\\\/author\\\/essenled-com\\\/\"}]}<\/script>\n<!-- \/ Yoast SEO Premium plugin. -->","yoast_head_json":{"title":"10 d\u016fvod\u016f, pro\u010d pou\u017e\u00edvat design osv\u011btlen\u00ed - ESSENLED","description":"Design osv\u011btlen\u00ed je mocn\u00fd n\u00e1stroj, kter\u00fd m\u011bn\u00ed prostory, zlep\u0161uje funk\u010dnost a kvalitu \u017eivota.","robots":{"index":"index","follow":"follow","max-snippet":"max-snippet:-1","max-image-preview":"max-image-preview:large","max-video-preview":"max-video-preview:-1"},"canonical":"https:\/\/essenled.com\/cs\/10-reasons-to-use-lighting-design\/","og_locale":"cs_CZ","og_type":"article","og_title":"10 Reasons to Use Lighting Design","og_description":"Lighting design is a powerful tool that transforms spaces, improves functionality, and enhances quality of life.","og_url":"https:\/\/essenled.com\/cs\/10-reasons-to-use-lighting-design\/","og_site_name":"ESSENLED","article_published_time":"2024-11-19T02:53:29+00:00","article_modified_time":"2024-11-19T02:53:30+00:00","og_image":[{"width":800,"height":500,"url":"https:\/\/essenled.com\/wp-content\/uploads\/2024\/11\/Reasons-to-Use-Lighting-Design.webp","type":"image\/webp"}],"author":"essenled.com","twitter_card":"summary_large_image","twitter_misc":{"Napsal(a)":"essenled.com","Odhadovan\u00e1 doba \u010dten\u00ed":"4 minuty"},"schema":{"@context":"https:\/\/schema.org","@graph":[{"@type":"Article","@id":"https:\/\/essenled.com\/10-reasons-to-use-lighting-design\/#article","isPartOf":{"@id":"https:\/\/essenled.com\/10-reasons-to-use-lighting-design\/"},"author":{"name":"essenled.com","@id":"https:\/\/essenled.com\/#\/schema\/person\/37cef56e83dc72fba62728896e2604f8"},"headline":"10 Reasons to Use Lighting Design","datePublished":"2024-11-19T02:53:29+00:00","dateModified":"2024-11-19T02:53:30+00:00","mainEntityOfPage":{"@id":"https:\/\/essenled.com\/10-reasons-to-use-lighting-design\/"},"wordCount":565,"publisher":{"@id":"https:\/\/essenled.com\/#organization"},"image":{"@id":"https:\/\/essenled.com\/10-reasons-to-use-lighting-design\/#primaryimage"},"thumbnailUrl":"https:\/\/essenled.com\/wp-content\/uploads\/2024\/11\/Reasons-to-Use-Lighting-Design.webp","keywords":["ceiling pendant light","kitchen pendant lighting"],"articleSection":["Blog"],"inLanguage":"cs"},{"@type":"WebPage","@id":"https:\/\/essenled.com\/10-reasons-to-use-lighting-design\/","url":"https:\/\/essenled.com\/10-reasons-to-use-lighting-design\/","name":"10 d\u016fvod\u016f, pro\u010d pou\u017e\u00edvat design osv\u011btlen\u00ed - ESSENLED","isPartOf":{"@id":"https:\/\/essenled.com\/#website"},"primaryImageOfPage":{"@id":"https:\/\/essenled.com\/10-reasons-to-use-lighting-design\/#primaryimage"},"image":{"@id":"https:\/\/essenled.com\/10-reasons-to-use-lighting-design\/#primaryimage"},"thumbnailUrl":"https:\/\/essenled.com\/wp-content\/uploads\/2024\/11\/Reasons-to-Use-Lighting-Design.webp","datePublished":"2024-11-19T02:53:29+00:00","dateModified":"2024-11-19T02:53:30+00:00","description":"Design osv\u011btlen\u00ed je mocn\u00fd n\u00e1stroj, kter\u00fd m\u011bn\u00ed prostory, zlep\u0161uje funk\u010dnost a kvalitu \u017eivota.","breadcrumb":{"@id":"https:\/\/essenled.com\/10-reasons-to-use-lighting-design\/#breadcrumb"},"inLanguage":"cs","potentialAction":[{"@type":"ReadAction","target":["https:\/\/essenled.com\/10-reasons-to-use-lighting-design\/"]}]},{"@type":"ImageObject","inLanguage":"cs","@id":"https:\/\/essenled.com\/10-reasons-to-use-lighting-design\/#primaryimage","url":"https:\/\/essenled.com\/wp-content\/uploads\/2024\/11\/Reasons-to-Use-Lighting-Design.webp","contentUrl":"https:\/\/essenled.com\/wp-content\/uploads\/2024\/11\/Reasons-to-Use-Lighting-Design.webp","width":800,"height":500,"caption":"Reasons to Use Lighting Design"},{"@type":"BreadcrumbList","@id":"https:\/\/essenled.com\/10-reasons-to-use-lighting-design\/#breadcrumb","itemListElement":[{"@type":"ListItem","position":1,"name":"Home","item":"https:\/\/essenled.com\/"},{"@type":"ListItem","position":2,"name":"10 Reasons to Use Lighting Design"}]},{"@type":"WebSite","@id":"https:\/\/essenled.com\/#website","url":"https:\/\/essenled.com\/","name":"ESSENLED","description":"","publisher":{"@id":"https:\/\/essenled.com\/#organization"},"potentialAction":[{"@type":"SearchAction","target":{"@type":"EntryPoint","urlTemplate":"https:\/\/essenled.com\/?s={search_term_string}"},"query-input":{"@type":"PropertyValueSpecification","valueRequired":true,"valueName":"search_term_string"}}],"inLanguage":"cs"},{"@type":"Organization","@id":"https:\/\/essenled.com\/#organization","name":"ESSENLED","url":"https:\/\/essenled.com\/","logo":{"@type":"ImageObject","inLanguage":"cs","@id":"https:\/\/essenled.com\/#\/schema\/logo\/image\/","url":"https:\/\/essenled.com\/wp-content\/uploads\/2024\/01\/Essen-logo.png","contentUrl":"https:\/\/essenled.com\/wp-content\/uploads\/2024\/01\/Essen-logo.png","width":800,"height":110,"caption":"ESSENLED"},"image":{"@id":"https:\/\/essenled.com\/#\/schema\/logo\/image\/"}},{"@type":"Person","@id":"https:\/\/essenled.com\/#\/schema\/person\/37cef56e83dc72fba62728896e2604f8","name":"essenled.com","image":{"@type":"ImageObject","inLanguage":"cs","@id":"https:\/\/secure.gravatar.com\/avatar\/67a86d7b09b4fa77190463150754f4f008b6e0aa9fd698ceb115608660ff9234?s=96&d=mm&r=g","url":"https:\/\/secure.gravatar.com\/avatar\/67a86d7b09b4fa77190463150754f4f008b6e0aa9fd698ceb115608660ff9234?s=96&d=mm&r=g","contentUrl":"https:\/\/secure.gravatar.com\/avatar\/67a86d7b09b4fa77190463150754f4f008b6e0aa9fd698ceb115608660ff9234?s=96&d=mm&r=g","caption":"essenled.com"},"sameAs":["https:\/\/essenled.com"],"url":"https:\/\/essenled.com\/cs\/author\/essenled-com\/"}]}},"_links":{"self":[{"href":"https:\/\/essenled.com\/cs\/wp-json\/wp\/v2\/posts\/2734","targetHints":{"allow":["GET"]}}],"collection":[{"href":"https:\/\/essenled.com\/cs\/wp-json\/wp\/v2\/posts"}],"about":[{"href":"https:\/\/essenled.com\/cs\/wp-json\/wp\/v2\/types\/post"}],"author":[{"embeddable":true,"href":"https:\/\/essenled.com\/cs\/wp-json\/wp\/v2\/users\/1"}],"replies":[{"embeddable":true,"href":"https:\/\/essenled.com\/cs\/wp-json\/wp\/v2\/comments?post=2734"}],"version-history":[{"count":3,"href":"https:\/\/essenled.com\/cs\/wp-json\/wp\/v2\/posts\/2734\/revisions"}],"predecessor-version":[{"id":2760,"href":"https:\/\/essenled.com\/cs\/wp-json\/wp\/v2\/posts\/2734\/revisions\/2760"}],"wp:featuredmedia":[{"embeddable":true,"href":"https:\/\/essenled.com\/cs\/wp-json\/wp\/v2\/media\/2759"}],"wp:attachment":[{"href":"https:\/\/essenled.com\/cs\/wp-json\/wp\/v2\/media?parent=2734"}],"wp:term":[{"taxonomy":"category","embeddable":true,"href":"https:\/\/essenled.com\/cs\/wp-json\/wp\/v2\/categories?post=2734"},{"taxonomy":"post_tag","embeddable":true,"href":"https:\/\/essenled.com\/cs\/wp-json\/wp\/v2\/tags?post=2734"}],"curies":[{"name":"wp","href":"https:\/\/api.w.org\/{rel}","templated":true}]}}