{"id":2614,"date":"2024-11-08T11:29:50","date_gmt":"2024-11-08T11:29:50","guid":{"rendered":"https:\/\/essenled.com\/?p=2614"},"modified":"2024-11-08T11:29:51","modified_gmt":"2024-11-08T11:29:51","slug":"garage-lighting-a-comprehensive-professional-guide-2024","status":"publish","type":"post","link":"https:\/\/essenled.com\/cs\/garage-lighting-a-comprehensive-professional-guide-2024\/","title":{"rendered":"Osv\u011btlen\u00ed gar\u00e1\u017ee: 2024: Komplexn\u00ed profesion\u00e1ln\u00ed pr\u016fvodce"},"content":{"rendered":"<p>Gar\u00e1\u017ee se vyvinuly daleko za svou tradi\u010dn\u00ed roli jednoduch\u00e9ho prostoru pro uskladn\u011bn\u00ed automobil\u016f, jak jsme si je zpo\u010d\u00e1tku p\u0159edstavovali. Dne\u0161n\u00ed gar\u00e1\u017ee mohou fungovat jako d\u00edlny, dom\u00e1c\u00ed posilovny, skladovac\u00ed prostory, a dokonce i dom\u00e1c\u00ed kancel\u00e1\u0159e. V t\u011bchto multifunk\u010dn\u00edch prostor\u00e1ch je spr\u00e1vn\u00e9 osv\u011btlen\u00ed v\u00edce ne\u017e pouh\u00fdm komfortem, je nezbytn\u00e9 pro funk\u010dnost, bezpe\u010dnost a pohodl\u00ed. A\u0165 u\u017e se v\u011bnujete detailn\u00ed \u00fadr\u017eb\u011b vozu, organizaci n\u00e1\u0159ad\u00ed nebo p\u0159em\u011bn\u011b gar\u00e1\u017ee na multifunk\u010dn\u00ed prostor, pochopen\u00ed osv\u011btlen\u00ed gar\u00e1\u017ee je pro vytvo\u0159en\u00ed toho nejlep\u0161\u00edho prost\u0159ed\u00ed nezbytn\u00e9.<\/p>\n\n\n\n<h2 class=\"wp-block-heading\" id=\"h-why-is-garage-lighting-important\">Pro\u010d je osv\u011btlen\u00ed gar\u00e1\u017ee d\u016fle\u017eit\u00e9?<\/h2>\n\n\n\n<p>Modern\u00ed osv\u011btlen\u00ed gar\u00e1\u017ee je v\u00edc ne\u017e jen oby\u010dejn\u00e9 osv\u011btlen\u00ed. Zvy\u0161uje bezpe\u010dnost, zvy\u0161uje produktivitu a pom\u00e1h\u00e1 udr\u017eovat po\u0159\u00e1dek v prostoru.<\/p>\n\n\n\n<p>V dne\u0161n\u00ed dob\u011b v\u0161ichni chceme, aby na\u0161e gar\u00e1\u017ee byly dob\u0159e osv\u011btlen\u00e9, a zpravidla vol\u00edme LED sv\u011btla s pom\u011brn\u011b vysok\u00fdm jasem. A barevn\u00e1 teplota se pohybuje kolem 6000 K. Takov\u00e9 osv\u011btlen\u00ed gar\u00e1\u017ee sni\u017euje riziko nehod a umo\u017e\u0148uje dob\u0159e vid\u011bt p\u0159i prov\u00e1d\u011bn\u00ed \u00fakon\u016f, jako je \u00fadr\u017eba automobilu, truhl\u00e1\u0159sk\u00e9 pr\u00e1ce nebo uspo\u0159\u00e1d\u00e1n\u00ed n\u00e1\u0159ad\u00ed.<\/p>\n\n\n\n<p>Spr\u00e1vn\u00e9 osv\u011btlen\u00ed m\u016f\u017ee tak\u00e9 zajistit, \u017ee naru\u0161itel\u00e9 jsou dob\u0159e viditeln\u00ed uvnit\u0159 i vn\u011b gar\u00e1\u017ee, co\u017e p\u0159isp\u00edv\u00e1 ke zv\u00fd\u0161en\u00ed bezpe\u010dnosti. Krom\u011b toho m\u016f\u017ee spr\u00e1vn\u00e9 osv\u011btlen\u00ed prom\u011bnit oby\u010dejn\u00fd prostor v uspo\u0159\u00e1dan\u00e9 a p\u0159\u00edjemn\u00e9 prost\u0159ed\u00ed, kde m\u016f\u017eete snadno pracovat nebo odpo\u010d\u00edvat.<\/p>\n\n\n\n<h2 class=\"wp-block-heading\" id=\"h-types-of-garage-lighting-fixtures\">Typy gar\u00e1\u017eov\u00fdch sv\u00edtidel<\/h2>\n\n\n\n<p>Pokud jde o osv\u011btlen\u00ed gar\u00e1\u017ee, existuje n\u011bkolik typ\u016f sv\u00edtidel, kter\u00e1 jsou pro osv\u011btlen\u00ed gar\u00e1\u017ee ide\u00e1ln\u00ed. A ka\u017ed\u00e9 z t\u011bchto sv\u00edtidel m\u00e1 jin\u00fd \u00fa\u010del.<\/p>\n\n\n\n<figure class=\"wp-block-image size-full\"><img fetchpriority=\"high\" decoding=\"async\" width=\"800\" height=\"500\" src=\"https:\/\/essenled.com\/wp-content\/uploads\/2024\/11\/Types-of-Garage-Lighting-Fixtures.webp\" alt=\"Typy gar\u00e1\u017eov\u00fdch sv\u00edtidel\" class=\"wp-image-2653\" srcset=\"https:\/\/essenled.com\/wp-content\/uploads\/2024\/11\/Types-of-Garage-Lighting-Fixtures.webp 800w, https:\/\/essenled.com\/wp-content\/uploads\/2024\/11\/Types-of-Garage-Lighting-Fixtures-300x188.webp 300w, https:\/\/essenled.com\/wp-content\/uploads\/2024\/11\/Types-of-Garage-Lighting-Fixtures-768x480.webp 768w, https:\/\/essenled.com\/wp-content\/uploads\/2024\/11\/Types-of-Garage-Lighting-Fixtures-18x12.webp 18w, https:\/\/essenled.com\/wp-content\/uploads\/2024\/11\/Types-of-Garage-Lighting-Fixtures-600x375.webp 600w\" sizes=\"(max-width: 800px) 100vw, 800px\" \/><\/figure>\n\n\n\n<h3 class=\"wp-block-heading\" id=\"h-led-strip-lights\">LED p\u00e1skov\u00e1 sv\u011btla<\/h3>\n\n\n\n<p>LED p\u00e1sky jsou jednou z energeticky nej\u00fasporn\u011bj\u0161\u00edch mo\u017enost\u00ed. LED diody nav\u00edc poskytuj\u00ed jasn\u00e9 a rovnom\u011brn\u00e9 osv\u011btlen\u00ed a vydr\u017e\u00ed velmi dlouho. Skv\u011ble se hod\u00ed pro celkov\u00e9, pracovn\u00ed i akcentov\u00e9 osv\u011btlen\u00ed. Pokud chcete instalovat LED p\u00e1sek do interi\u00e9ru vozu, pls p\u0159e\u010dt\u011bte si <a href=\"https:\/\/essenled.com\/cs\/can-the-led-strip-lights-use-for-car-interior\/\" target=\"_blank\" rel=\"noreferrer noopener\">Lze LED p\u00e1skov\u00e1 sv\u011btla pou\u017e\u00edt pro interi\u00e9r automobilu?<\/a><\/p>\n\n\n\n<h3 class=\"wp-block-heading\" id=\"h-fluorescent-lights\">Z\u00e1\u0159ivky<\/h3>\n\n\n\n<p>Tyto z\u00e1\u0159ivky p\u0159edstavuj\u00ed cenov\u011b v\u00fdhodn\u00e9 \u0159e\u0161en\u00ed a jsou ide\u00e1ln\u00ed pro v\u011bt\u0161\u00ed gar\u00e1\u017ee. Z\u00e1\u0159ivky jsou zn\u00e1m\u00e9 svou energetickou \u00fa\u010dinnost\u00ed, ale maj\u00ed ni\u017e\u0161\u00ed index pod\u00e1n\u00ed barev, co\u017e nemus\u00ed b\u00fdt vhodn\u00e9 pro \u00fakoly vy\u017eaduj\u00edc\u00ed vysokou viditelnost.<\/p>\n\n\n\n<h3 class=\"wp-block-heading\">\u017d\u00e1rovky<\/h3>\n\n\n\n<p>P\u0159esto\u017ee \u017e\u00e1rovky nejsou tak energeticky \u00fa\u010dinn\u00e9 jako LED nebo z\u00e1\u0159ivky, st\u00e1le se pou\u017e\u00edvaj\u00ed pro sv\u00e9 tepl\u00e9 okoln\u00ed sv\u011btlo. Jsou vhodn\u00e1 pro men\u0161\u00ed, m\u00e9n\u011b \u010dasto pou\u017e\u00edvan\u00e9 gar\u00e1\u017ee.<\/p>\n\n\n\n<h3 class=\"wp-block-heading\">Halogenov\u00e1 sv\u011btla<\/h3>\n\n\n\n<p>Halogenov\u00e1 sv\u00edtidla jsou zn\u00e1m\u00e1 sv\u00fdm jasn\u00fdm a \u010dist\u00fdm sv\u011btlem, kter\u00e9 je ide\u00e1ln\u00ed pro jemn\u00e9 pr\u00e1ce, jako jsou opravy automobil\u016f a slo\u017eit\u00e9 pr\u00e1ce v gar\u00e1\u017ei.<\/p>\n\n\n\n<h3 class=\"wp-block-heading\">Chytr\u00e1 sv\u011btla<\/h3>\n\n\n\n<p>S rozvojem technologi\u00ed se obl\u00edben\u00fdmi staly inteligentn\u00ed syst\u00e9my osv\u011btlen\u00ed, kter\u00e9 lze ovl\u00e1dat prost\u0159ednictv\u00edm mobiln\u00edch aplikac\u00ed nebo hlasov\u00fdch asistent\u016f. Poskytuj\u00ed flexibilitu a pohodl\u00ed pro modern\u00ed gar\u00e1\u017ee.<\/p>\n\n\n\n<p><strong>Ka\u017ed\u00fd typ sv\u00edtidla pro osv\u011btlen\u00ed gar\u00e1\u017ee m\u00e1 sv\u00e9 v\u00fdhody a nev\u00fdhody a je vhodn\u00fd pro r\u016fzn\u00e9 \u010d\u00e1sti gar\u00e1\u017ee. Proto je velmi d\u016fle\u017eit\u00e9 vybrat spr\u00e1vn\u00e9 sv\u00edtidlo pro va\u0161e konkr\u00e9tn\u00ed pot\u0159eby.<\/strong><\/p>\n\n\n\n<h2 class=\"wp-block-heading\" id=\"h-how-to-choose-the-right-garage-lights\">Jak vybrat spr\u00e1vn\u00e9 gar\u00e1\u017eov\u00e9 osv\u011btlen\u00ed?<\/h2>\n\n\n\n<p>Vyb\u00edr\u00e1te osv\u011btlen\u00ed pro svou gar\u00e1\u017e? Zde je n\u011bkolik kl\u00ed\u010dov\u00fdch faktor\u016f, kter\u00e9 je t\u0159eba zv\u00e1\u017eit:<\/p>\n\n\n\n<p>1. Brightness (Lumens): We can approximate the total amount of light a bulb or fixture puts out. It&#8217;s best to aim for around 70-100 lumens per square foot in your garage, depending on the size and purpose of your garage.<\/p>\n\n\n\n<p>2. Teplota barev: Teplota barvy sv\u011btla rozhodn\u011b ovlivn\u00ed atmosf\u00e9ru a funk\u010dnost va\u0161\u00ed gar\u00e1\u017ee. Pro celkov\u00e9 osv\u011btlen\u00ed je ide\u00e1ln\u00ed neutr\u00e1ln\u00ed b\u00edl\u00e9 sv\u011btlo (4000-5000 K). Pro vysoce p\u0159esn\u00e9 pr\u00e1ce, jako jsou gar\u00e1\u017ee, doporu\u010dujeme chladn\u011bj\u0161\u00ed denn\u00ed sv\u011btlo (6000K nebo vy\u0161\u0161\u00ed). Mimochodem, v\u011bnujte pozornost tak\u00e9 CRI, \u010d\u00edm vy\u0161\u0161\u00ed CR, t\u00edm bude barva re\u00e1ln\u011bj\u0161\u00ed. Pros\u00edm, zkontrolujte <a href=\"https:\/\/essenled.com\/cs\/why-cri-is-important-80-cri-vs-90-cri-vs-95-cri\/\" target=\"_blank\" rel=\"noreferrer noopener\">Pro\u010d je CRI d\u016fle\u017eit\u00e9? 80 CRI vs. 90 CRI vs. 95 CRI<\/a><\/p>\n\n\n\n<p>3. Energetick\u00e1 \u00fa\u010dinnost: LED sv\u011btla jsou energeticky nej\u00fa\u010dinn\u011bj\u0161\u00ed variantou, kter\u00e1 zaji\u0161\u0165uje jas a z\u00e1rove\u0148 \u0161et\u0159\u00ed pen\u00edze za elekt\u0159inu. Zva\u017ete pou\u017e\u00edv\u00e1n\u00ed energeticky \u00fasporn\u00fdch \u017e\u00e1rovek, abyste dlouhodob\u011b sn\u00ed\u017eili n\u00e1klady.<\/p>\n\n\n\n<p>4. Typ sv\u00edtidla: Rozhodn\u011bte se mezi stropn\u00edm osv\u011btlen\u00edm, pracovn\u00edm osv\u011btlen\u00edm nebo okoln\u00edm osv\u011btlen\u00edm. Stropn\u00ed sv\u00edtidla jsou skv\u011bl\u00e1 pro celkov\u00e9 osv\u011btlen\u00ed, zat\u00edmco pracovn\u00ed sv\u011btla, jako jsou sv\u011btla pod sk\u0159\u00ed\u0148kou nebo na pracovn\u00edm stole, poskytuj\u00ed soust\u0159ed\u011bn\u00e9 sv\u011btlo pro detailn\u00ed pr\u00e1ci.<\/p>\n\n\n\n<p>5. Odolnost a \u017eivotnost: Osv\u011btlen\u00ed gar\u00e1\u017ee m\u016f\u017ee b\u00fdt vystaveno prachu, zm\u011bn\u00e1m teplot a dokonce i vlhkosti. Vyb\u00edrejte sv\u00edtidla, kter\u00e1 jsou dimenzov\u00e1na na odolnost v t\u011bchto podm\u00ednk\u00e1ch.<\/p>\n\n\n\n<figure class=\"wp-block-image size-full\"><img decoding=\"async\" width=\"800\" height=\"500\" src=\"https:\/\/essenled.com\/wp-content\/uploads\/2024\/11\/How-to-Choose-the-Right-Garage-Lights.webp\" alt=\"Jak vybrat spr\u00e1vn\u00e9 osv\u011btlen\u00ed gar\u00e1\u017ee\" class=\"wp-image-2652\" srcset=\"https:\/\/essenled.com\/wp-content\/uploads\/2024\/11\/How-to-Choose-the-Right-Garage-Lights.webp 800w, https:\/\/essenled.com\/wp-content\/uploads\/2024\/11\/How-to-Choose-the-Right-Garage-Lights-300x188.webp 300w, https:\/\/essenled.com\/wp-content\/uploads\/2024\/11\/How-to-Choose-the-Right-Garage-Lights-768x480.webp 768w, https:\/\/essenled.com\/wp-content\/uploads\/2024\/11\/How-to-Choose-the-Right-Garage-Lights-18x12.webp 18w, https:\/\/essenled.com\/wp-content\/uploads\/2024\/11\/How-to-Choose-the-Right-Garage-Lights-600x375.webp 600w\" sizes=\"(max-width: 800px) 100vw, 800px\" \/><\/figure>\n\n\n\n<h2 class=\"wp-block-heading\" id=\"h-how-to-install-garage-lighting\">Jak nainstalovat osv\u011btlen\u00ed gar\u00e1\u017ee?<\/h2>\n\n\n\n<p>Nejprve je t\u0159eba ur\u010dit m\u00edsto instalace podle velikosti gar\u00e1\u017ee a sv\u011bteln\u00e9ho efektu. Efektivn\u00ed um\u00edst\u011bn\u00ed osv\u011btlen\u00ed je nezbytn\u00e9 pro zaji\u0161t\u011bn\u00ed dobr\u00e9ho osv\u011btlen\u00ed ka\u017ed\u00e9 \u010d\u00e1sti va\u0161\u00ed gar\u00e1\u017ee.<\/p>\n\n\n\n<h3 class=\"wp-block-heading\">Stropn\u00ed sv\u00edtidla<\/h3>\n\n\n\n<p>Stropn\u00ed sv\u00edtidla by m\u011bla b\u00fdt rovnom\u011brn\u011b rozm\u00edst\u011bna, aby bylo zaji\u0161t\u011bno rovnom\u011brn\u00e9 rozlo\u017een\u00ed sv\u011btla v cel\u00e9 gar\u00e1\u017ei. U v\u011bt\u0161\u00edch gar\u00e1\u017e\u00ed zva\u017ete pou\u017eit\u00ed v\u00edce sv\u00edtidel nebo stropn\u00edch d\u00edlensk\u00fdch sv\u00edtidel LED.<\/p>\n\n\n\n<h3 class=\"wp-block-heading\">Pracovn\u00ed osv\u011btlen\u00ed<\/h3>\n\n\n\n<p>U pracovn\u00edch stol\u016f v gar\u00e1\u017ei nebo na specifick\u00fdch m\u00edstech, kde se prov\u00e1d\u011bj\u00ed detailn\u00ed \u00fakony, instalujte osv\u011btlen\u00ed p\u0159\u00edmo nad nebo vedle t\u011bchto m\u00edst, abyste omezili st\u00edny a zlep\u0161ili viditelnost.<\/p>\n\n\n\n<h3 class=\"wp-block-heading\">N\u00e1st\u011bnn\u00e1 sv\u00edtidla<\/h3>\n\n\n\n<p>N\u00e1st\u011bnn\u00e1 sv\u00edtidla jsou dobrou volbou pro dod\u00e1n\u00ed sv\u011btla a stylu. Zva\u017ete dodate\u010dn\u00e9 osv\u011btlen\u00ed po obvodu gar\u00e1\u017ee.<\/p>\n\n\n\n<h3 class=\"wp-block-heading\">Rohov\u00e9 osv\u011btlen\u00ed<\/h3>\n\n\n\n<p>Instalace sv\u011btel do roh\u016f gar\u00e1\u017ee zajist\u00ed lep\u0161\u00ed pokryt\u00ed a pom\u016f\u017ee osv\u011btlit m\u00edsta, kter\u00e1 jsou jinak slab\u011b osv\u011btlena. Jasn\u011b vid\u00edte i v noci. Z\u00e1rove\u0148 se vyvarujte vytv\u00e1\u0159en\u00ed tmav\u00fdch m\u00edst nebo st\u00edn\u016f, kter\u00e9 by mohly zt\u011b\u017eovat pr\u00e1ci nebo vyvol\u00e1vat klaustrofobick\u00fd pocit v prostoru.<\/p>\n\n\n\n<h2 class=\"wp-block-heading\" id=\"h-how-to-set-up-smart-garage-lighting\">Jak nastavit chytr\u00e9 osv\u011btlen\u00ed gar\u00e1\u017ee?<\/h2>\n\n\n\n<p>S v\u00fdvojem osv\u011btlovac\u00ed techniky a zvy\u0161ov\u00e1n\u00edm komfortu se vyv\u00edjelo i osv\u011btlen\u00ed gar\u00e1\u017e\u00ed. Chytr\u00e1 gar\u00e1\u017eov\u00e1 sv\u00edtidla nab\u00edzej\u00ed maxim\u00e1ln\u00ed pohodl\u00ed a umo\u017e\u0148uj\u00ed ovl\u00e1dat osv\u011btlen\u00ed na d\u00e1lku nebo automaticky na z\u00e1klad\u011b \u010dasu nebo \u010dinnosti. Mnoz\u00ed mlad\u00ed lid\u00e9 to dnes r\u00e1di d\u011blaj\u00ed na d\u00e1lku:<\/p>\n\n\n\n<div class=\"wp-block-group\"><div class=\"wp-block-group__inner-container is-layout-constrained wp-block-group-is-layout-constrained\">\n<ul class=\"wp-block-list\">\n<li>Ovl\u00e1d\u00e1n\u00ed aplikac\u00ed: U LED osv\u011btlen\u00ed m\u016f\u017eeme pomoc\u00ed chytr\u00e9ho telefonu zapnout\/vypnout sv\u011btla, nastavit jas nebo zm\u011bnit teplotu barev.<\/li>\n\n\n\n<li>Hlasov\u00e1 aktivace: M\u016f\u017eete si tak\u00e9 zvolit ovl\u00e1d\u00e1n\u00ed hlasem. Kompatibiln\u00ed s hlasov\u00fdmi asistenty, jako je Alexa nebo Google Assistant, pro ovl\u00e1d\u00e1n\u00ed hands-free.<\/li>\n\n\n\n<li>Senzory pohybu: M\u016f\u017eeme nainstalovat sn\u00edma\u010d pohybu osv\u011btlen\u00ed. Automaticky rozsv\u00edt\u00ed sv\u011btla, kdy\u017e vjedete do gar\u00e1\u017ee nebo se v n\u00ed pohybujete, co\u017e je pohodln\u00e9 a energeticky \u00fasporn\u00e9.<\/li>\n\n\n\n<li>Pl\u00e1nov\u00e1n\u00ed: Naprogramujte zap\u00edn\u00e1n\u00ed a vyp\u00edn\u00e1n\u00ed sv\u011btel v ur\u010dit\u00fd \u010das, aby byla va\u0161e gar\u00e1\u017e dob\u0159e osv\u011btlena, kdykoli to pot\u0159ebujete.<\/li>\n<\/ul>\n<\/div><\/div>\n\n\n\n<p>Inteligentn\u00ed syst\u00e9my osv\u011btlen\u00ed gar\u00e1\u017ee nejen\u017ee zv\u00fd\u0161\u00ed funk\u010dnost va\u0161\u00ed gar\u00e1\u017ee, ale mohou tak\u00e9 p\u0159idat dal\u0161\u00ed \u00farove\u0148 zabezpe\u010den\u00ed t\u00edm, \u017ee simuluj\u00ed \u010dinnost, kdy\u017e nejste doma.<\/p>\n\n\n\n<h2 class=\"wp-block-heading\" id=\"h-garage-lighting-solutions-for-versatility\">V\u0161estrann\u00e1 \u0159e\u0161en\u00ed osv\u011btlen\u00ed gar\u00e1\u017e\u00ed<\/h2>\n\n\n\n<p>Mnoh\u00e9 gar\u00e1\u017ee jsou multifunk\u010dn\u00ed prostory - od skladov\u00e1n\u00ed n\u00e1\u0159ad\u00ed a vybaven\u00ed a\u017e po t\u011blocvi\u010dnu nebo z\u00e1bavn\u00ed prostor. Kl\u00ed\u010dov\u00fd je v\u00fdb\u011br osv\u011btlen\u00ed, kter\u00e9 tuto v\u0161estrannost umoc\u0148uje.<\/p>\n\n\n\n<p><strong>Stm\u00edvateln\u00e1 sv\u011btla:<\/strong> Nejlep\u0161\u00ed je zvolit stm\u00edvateln\u00e1 LED sv\u011btla, kter\u00e1 umo\u017e\u0148uj\u00ed nastavit jas podle r\u016fzn\u00fdch \u00fakol\u016f nebo n\u00e1lady. Modern\u00ed gar\u00e1\u017ee maj\u00ed pracovn\u00ed a odpo\u010dinkov\u00e9 z\u00f3ny a r\u016fzn\u00e1 sv\u011btla v\u00e1m umo\u017en\u00ed vyj\u00e1d\u0159it r\u016fzn\u00e9 n\u00e1lady a z\u00e1rove\u0148 se rychle p\u0159izp\u016fsobit prost\u0159ed\u00ed.<\/p>\n\n\n\n<p><strong>Nastaviteln\u00e1 sv\u00edtidla: <\/strong>Mluv\u00edme zde o kolejnicov\u00fdch sv\u00edtidlech nebo sv\u00edtidlech, kter\u00e1 umo\u017e\u0148uj\u00ed nasm\u011brovat sv\u011btlo tam, kde je pot\u0159eba, co\u017e je ide\u00e1ln\u00ed pro oblasti, kter\u00e9 slou\u017e\u00ed k v\u00edce \u00fa\u010del\u016fm.<\/p>\n\n\n\n<p><strong>LED p\u00e1sky m\u011bn\u00edc\u00ed barvu: <\/strong>Zva\u017ete v\u00fdb\u011br stm\u00edvateln\u00fdch LED p\u00e1sk\u016f nebo RGB LED p\u00e1sk\u016f. Tyto LED p\u00e1sky m\u011bn\u00edc\u00ed barvu lze namontovat na st\u011bny nebo pod police a p\u0159izp\u016fsobit si tak akcentn\u00ed osv\u011btlen\u00ed, kter\u00e9 je ide\u00e1ln\u00ed pro navozen\u00ed n\u00e1lady nebo zv\u00fdrazn\u011bn\u00ed ur\u010dit\u00e9 oblasti.<\/p>\n\n\n\n<p><strong>V\u00fdb\u011brem flexibiln\u00edho, nastaviteln\u00e9ho osv\u011btlen\u00ed m\u016f\u017eete gar\u00e1\u017e snadno p\u0159izp\u016fsobit jak\u00e9koli pot\u0159eb\u011b nebo \u010dinnosti.<\/strong><\/p>\n\n\n\n<h2 class=\"wp-block-heading\" id=\"h-is-lighting-performance-important-in-work-and-car-maintenance\">Je v\u00fdkon osv\u011btlen\u00ed d\u016fle\u017eit\u00fd p\u0159i pr\u00e1ci a \u00fadr\u017eb\u011b vozu?<\/h2>\n\n\n\n<p>Ano, velmi d\u016fle\u017eit\u00e9, spr\u00e1vn\u00e9 osv\u011btlen\u00ed gar\u00e1\u017ee je nezbytn\u00e9 pro v\u00fdkon i bezpe\u010dnost. Dobr\u00e9 osv\u011btlen\u00ed pom\u00e1h\u00e1 jasn\u011b vid\u011bt detaily, co\u017e je d\u016fle\u017eit\u00e9 zejm\u00e9na p\u0159i \u00fakonech, jako je oprava, mont\u00e1\u017e nebo lakov\u00e1n\u00ed automobil\u016f. Jasn\u00e9 a soust\u0159ed\u011bn\u00e9 osv\u011btlen\u00ed sni\u017euje nam\u00e1h\u00e1n\u00ed o\u010d\u00ed a zaji\u0161\u0165uje p\u0159esnost va\u0161\u00ed pr\u00e1ce.<\/p>\n\n\n\n<p>Dob\u0159e osv\u011btlen\u00e1 gar\u00e1\u017e tak\u00e9 zvy\u0161uje p\u0159esnost a kvalitu pr\u00e1ce a zaji\u0161\u0165uje lep\u0161\u00ed v\u00fdsledky. Pro v\u011bt\u0161inu automobilov\u00fdch nad\u0161enc\u016f a kutil\u016f budou p\u0159\u00ednosn\u00e1 stropn\u00ed sv\u011btla a sv\u011btla pro konkr\u00e9tn\u00ed \u00fakoly, kter\u00e1 jim pomohou p\u0159i kontrole \u010d\u00e1st\u00ed motoru, detailn\u00edch oprav\u00e1ch nebo dokonce p\u0159i \u00faklidu a \u00fadr\u017eb\u011b.<\/p>\n\n\n\n<h2 class=\"wp-block-heading\" id=\"h-new-uses-for-garage-lights\">Nov\u00e9 vyu\u017eit\u00ed gar\u00e1\u017eov\u00fdch sv\u00edtidel<\/h2>\n\n\n\n<p>Krom\u011b tradi\u010dn\u00edho osv\u011btlen\u00ed se nyn\u00ed gar\u00e1\u017eov\u00e1 sv\u00edtidla kreativn\u011b vyu\u017e\u00edvaj\u00ed ke zv\u00fd\u0161en\u00ed funk\u010dnosti a atraktivity prostoru.<\/p>\n\n\n\n<p>1: Osv\u011btlen\u00ed dom\u00e1c\u00ed posilovny: V\u00fdb\u011br spr\u00e1vn\u00e9ho osv\u011btlen\u00ed m\u016f\u017ee va\u0161i dom\u00e1c\u00ed posilovnu u\u010dinit nejen funk\u010dn\u011bj\u0161\u00ed, ale tak\u00e9 p\u0159ita\u017eliv\u011bj\u0161\u00ed. Pou\u017eijte stm\u00edvateln\u00e1 sv\u00edtidla, kter\u00e1 vytvo\u0159\u00ed ide\u00e1ln\u00ed atmosf\u00e9ru pro va\u0161e cvi\u010debn\u00ed prost\u0159ed\u00ed.<\/p>\n\n\n\n<p>2: Prostor pro z\u00e1bavu: Pokud je gar\u00e1\u017e vyu\u017e\u00edv\u00e1na jako m\u00edstnost pro odpo\u010dinek, vytvo\u0159\u00ed m\u011bkk\u00e9, nastaviteln\u00e9 osv\u011btlen\u00ed ide\u00e1ln\u00ed atmosf\u00e9ru pro prom\u00edt\u00e1n\u00ed film\u016f nebo ve\u010d\u00edrky.<\/p>\n\n\n\n<p>3: Prezentace pr\u00e1ce nebo kon\u00ed\u010dk\u016f: V gar\u00e1\u017ei m\u016f\u017eete pomoc\u00ed sm\u011brov\u00e9ho osv\u011btlen\u00ed zv\u00fdraznit sv\u00e1 um\u011bleck\u00e1 d\u00edla, sb\u00edrku aut nebo jin\u00e9 kon\u00ed\u010dky, kter\u00e9 se stanou st\u0159edem pozornosti.<\/p>\n\n\n\n<p>Pov\u00fd\u0161en\u00ed osv\u011btlen\u00ed gar\u00e1\u017ee z \u010dist\u011b funk\u010dn\u00edho n\u00e1stroje na kreativn\u00ed n\u00e1stroj m\u016f\u017ee splnit praktick\u00e9 pot\u0159eby a z\u00e1rove\u0148 dodat jedine\u010dn\u00fd p\u016fvab.<\/p>\n\n\n\n<h2 class=\"wp-block-heading\" id=\"h-conclusion\">Z\u00e1v\u011br<\/h2>\n\n\n\n<p>Osv\u011btlen\u00ed gar\u00e1\u017ee je z\u00e1kladn\u00edm prvkem pro vytvo\u0159en\u00ed bezpe\u010dn\u00e9ho, efektivn\u00edho a va\u0161im pot\u0159eb\u00e1m vyhovuj\u00edc\u00edho prostoru. A\u0165 u\u017e chcete vylep\u0161it vzhled sv\u00e9 gar\u00e1\u017ee, nebo pl\u00e1nujete p\u0159estavbu sv\u00e9pomoc\u00ed. Spr\u00e1vn\u00e9 osv\u011btlen\u00ed m\u016f\u017ee m\u00edt velk\u00fd v\u00fdznam. Tento pr\u016fvodce v\u00e1m poskytne pot\u0159ebn\u00e9 znalosti pro modernizaci nastaven\u00ed osv\u011btlen\u00ed va\u0161\u00ed gar\u00e1\u017ee - od v\u00fdb\u011bru spr\u00e1vn\u00fdch sv\u00edtidel a\u017e po optimalizaci uspo\u0159\u00e1d\u00e1n\u00ed a p\u0159ijet\u00ed modern\u00edch mo\u017enost\u00ed inteligentn\u00edho osv\u011btlen\u00ed. D\u00edky promy\u0161len\u00e9mu pl\u00e1nov\u00e1n\u00ed a spr\u00e1vn\u00fdm produkt\u016fm se va\u0161e gar\u00e1\u017e m\u016f\u017ee prom\u011bnit v dob\u0159e osv\u011btlen\u00fd a funk\u010dn\u00ed prostor na dlouh\u00e1 l\u00e9ta dop\u0159edu.<\/p>\n\n\n\n<p>Pokud pot\u0159ebujete <a href=\"https:\/\/essenled.com\/cs\/produkt\/\" target=\"_blank\" rel=\"noreferrer noopener\">LED p\u00e1skov\u00e1 sv\u011btla<\/a> pro va\u0161e osv\u011btlen\u00ed gar\u00e1\u017ee, kontaktujte n\u00e1s.<\/p>\n\n\n\n<p><\/p>","protected":false},"excerpt":{"rendered":"<p>Gar\u00e1\u017ee se vyvinuly daleko za svou tradi\u010dn\u00ed roli jednoduch\u00e9ho prostoru pro uskladn\u011bn\u00ed automobil\u016f, jak jsme si je zpo\u010d\u00e1tku p\u0159edstavovali. Dne\u0161n\u00ed gar\u00e1\u017ee mohou fungovat jako d\u00edlny, dom\u00e1c\u00ed posilovny, skladovac\u00ed prostory, a dokonce i dom\u00e1c\u00ed kancel\u00e1\u0159e. V t\u011bchto multifunk\u010dn\u00edch prostor\u00e1ch je spr\u00e1vn\u00e9 osv\u011btlen\u00ed v\u00edce ne\u017e pouh\u00fdm komfortem, je nezbytn\u00e9 pro funk\u010dnost, bezpe\u010dnost a pohodl\u00ed. A\u0165 u\u017e d\u011bl\u00e1te...<\/p>","protected":false},"author":1,"featured_media":2651,"comment_status":"closed","ping_status":"closed","sticky":false,"template":"","format":"standard","meta":{"_kad_post_transparent":"","_kad_post_title":"","_kad_post_layout":"","_kad_post_sidebar_id":"","_kad_post_content_style":"","_kad_post_vertical_padding":"","_kad_post_feature":"","_kad_post_feature_position":"","_kad_post_header":false,"_kad_post_footer":false,"_kad_post_classname":"","footnotes":""},"categories":[1],"tags":[882,880,881],"class_list":["post-2614","post","type-post","status-publish","format-standard","has-post-thumbnail","hentry","category-blog","tag-best-garage-lighting","tag-garage-light-fixtures","tag-led-garage-ceiling-lights"],"yoast_head":"<!-- This site is optimized with the Yoast SEO Premium plugin v24.3 (Yoast SEO v27.4) - https:\/\/yoast.com\/product\/yoast-seo-premium-wordpress\/ -->\n<title>Garage Lighting: A Comprehensive Professional Guide 2024 - ESSENLED<\/title>\n<meta name=\"description\" content=\"Elevating garage lighting from a purely functional tool to a creative tool can meet practical needs while adding unique charm.\" \/>\n<meta name=\"robots\" content=\"index, follow, max-snippet:-1, max-image-preview:large, max-video-preview:-1\" \/>\n<link rel=\"canonical\" href=\"https:\/\/essenled.com\/cs\/garage-lighting-a-comprehensive-professional-guide-2024\/\" \/>\n<meta property=\"og:locale\" content=\"cs_CZ\" \/>\n<meta property=\"og:type\" content=\"article\" \/>\n<meta property=\"og:title\" content=\"Garage Lighting: A Comprehensive Professional Guide 2024\" \/>\n<meta property=\"og:description\" content=\"Elevating garage lighting from a purely functional tool to a creative tool can meet practical needs while adding unique charm.\" \/>\n<meta property=\"og:url\" content=\"https:\/\/essenled.com\/cs\/garage-lighting-a-comprehensive-professional-guide-2024\/\" \/>\n<meta property=\"og:site_name\" content=\"ESSENLED\" \/>\n<meta property=\"article:published_time\" content=\"2024-11-08T11:29:50+00:00\" \/>\n<meta property=\"article:modified_time\" content=\"2024-11-08T11:29:51+00:00\" \/>\n<meta property=\"og:image\" content=\"https:\/\/essenled.com\/wp-content\/uploads\/2024\/11\/Garage-Lighting-A-Comprehensive-Professional-Guide-2024.webp\" \/>\n\t<meta property=\"og:image:width\" content=\"800\" \/>\n\t<meta property=\"og:image:height\" content=\"500\" \/>\n\t<meta property=\"og:image:type\" content=\"image\/webp\" \/>\n<meta name=\"author\" content=\"essenled.com\" \/>\n<meta name=\"twitter:card\" content=\"summary_large_image\" \/>\n<meta name=\"twitter:label1\" content=\"Napsal(a)\" \/>\n\t<meta name=\"twitter:data1\" content=\"essenled.com\" \/>\n\t<meta name=\"twitter:label2\" content=\"Odhadovan\u00e1 doba \u010dten\u00ed\" \/>\n\t<meta name=\"twitter:data2\" content=\"8 minut\" \/>\n<script type=\"application\/ld+json\" class=\"yoast-schema-graph\">{\"@context\":\"https:\\\/\\\/schema.org\",\"@graph\":[{\"@type\":\"Article\",\"@id\":\"https:\\\/\\\/essenled.com\\\/garage-lighting-a-comprehensive-professional-guide-2024\\\/#article\",\"isPartOf\":{\"@id\":\"https:\\\/\\\/essenled.com\\\/garage-lighting-a-comprehensive-professional-guide-2024\\\/\"},\"author\":{\"name\":\"essenled.com\",\"@id\":\"https:\\\/\\\/essenled.com\\\/#\\\/schema\\\/person\\\/37cef56e83dc72fba62728896e2604f8\"},\"headline\":\"Garage Lighting: A Comprehensive Professional Guide 2024\",\"datePublished\":\"2024-11-08T11:29:50+00:00\",\"dateModified\":\"2024-11-08T11:29:51+00:00\",\"mainEntityOfPage\":{\"@id\":\"https:\\\/\\\/essenled.com\\\/garage-lighting-a-comprehensive-professional-guide-2024\\\/\"},\"wordCount\":1549,\"publisher\":{\"@id\":\"https:\\\/\\\/essenled.com\\\/#organization\"},\"image\":{\"@id\":\"https:\\\/\\\/essenled.com\\\/garage-lighting-a-comprehensive-professional-guide-2024\\\/#primaryimage\"},\"thumbnailUrl\":\"https:\\\/\\\/essenled.com\\\/wp-content\\\/uploads\\\/2024\\\/11\\\/Garage-Lighting-A-Comprehensive-Professional-Guide-2024.webp\",\"keywords\":[\"best garage lighting\",\"garage light fixtures\",\"led garage ceiling lights\"],\"articleSection\":[\"Blog\"],\"inLanguage\":\"cs\"},{\"@type\":\"WebPage\",\"@id\":\"https:\\\/\\\/essenled.com\\\/garage-lighting-a-comprehensive-professional-guide-2024\\\/\",\"url\":\"https:\\\/\\\/essenled.com\\\/garage-lighting-a-comprehensive-professional-guide-2024\\\/\",\"name\":\"Garage Lighting: A Comprehensive Professional Guide 2024 - ESSENLED\",\"isPartOf\":{\"@id\":\"https:\\\/\\\/essenled.com\\\/#website\"},\"primaryImageOfPage\":{\"@id\":\"https:\\\/\\\/essenled.com\\\/garage-lighting-a-comprehensive-professional-guide-2024\\\/#primaryimage\"},\"image\":{\"@id\":\"https:\\\/\\\/essenled.com\\\/garage-lighting-a-comprehensive-professional-guide-2024\\\/#primaryimage\"},\"thumbnailUrl\":\"https:\\\/\\\/essenled.com\\\/wp-content\\\/uploads\\\/2024\\\/11\\\/Garage-Lighting-A-Comprehensive-Professional-Guide-2024.webp\",\"datePublished\":\"2024-11-08T11:29:50+00:00\",\"dateModified\":\"2024-11-08T11:29:51+00:00\",\"description\":\"Elevating garage lighting from a purely functional tool to a creative tool can meet practical needs while adding unique charm.\",\"breadcrumb\":{\"@id\":\"https:\\\/\\\/essenled.com\\\/garage-lighting-a-comprehensive-professional-guide-2024\\\/#breadcrumb\"},\"inLanguage\":\"cs\",\"potentialAction\":[{\"@type\":\"ReadAction\",\"target\":[\"https:\\\/\\\/essenled.com\\\/garage-lighting-a-comprehensive-professional-guide-2024\\\/\"]}]},{\"@type\":\"ImageObject\",\"inLanguage\":\"cs\",\"@id\":\"https:\\\/\\\/essenled.com\\\/garage-lighting-a-comprehensive-professional-guide-2024\\\/#primaryimage\",\"url\":\"https:\\\/\\\/essenled.com\\\/wp-content\\\/uploads\\\/2024\\\/11\\\/Garage-Lighting-A-Comprehensive-Professional-Guide-2024.webp\",\"contentUrl\":\"https:\\\/\\\/essenled.com\\\/wp-content\\\/uploads\\\/2024\\\/11\\\/Garage-Lighting-A-Comprehensive-Professional-Guide-2024.webp\",\"width\":800,\"height\":500,\"caption\":\"Garage Lighting A Comprehensive Professional Guide 2024\"},{\"@type\":\"BreadcrumbList\",\"@id\":\"https:\\\/\\\/essenled.com\\\/garage-lighting-a-comprehensive-professional-guide-2024\\\/#breadcrumb\",\"itemListElement\":[{\"@type\":\"ListItem\",\"position\":1,\"name\":\"Home\",\"item\":\"https:\\\/\\\/essenled.com\\\/\"},{\"@type\":\"ListItem\",\"position\":2,\"name\":\"Garage Lighting: A Comprehensive Professional Guide 2024\"}]},{\"@type\":\"WebSite\",\"@id\":\"https:\\\/\\\/essenled.com\\\/#website\",\"url\":\"https:\\\/\\\/essenled.com\\\/\",\"name\":\"ESSENLED\",\"description\":\"\",\"publisher\":{\"@id\":\"https:\\\/\\\/essenled.com\\\/#organization\"},\"potentialAction\":[{\"@type\":\"SearchAction\",\"target\":{\"@type\":\"EntryPoint\",\"urlTemplate\":\"https:\\\/\\\/essenled.com\\\/?s={search_term_string}\"},\"query-input\":{\"@type\":\"PropertyValueSpecification\",\"valueRequired\":true,\"valueName\":\"search_term_string\"}}],\"inLanguage\":\"cs\"},{\"@type\":\"Organization\",\"@id\":\"https:\\\/\\\/essenled.com\\\/#organization\",\"name\":\"ESSENLED\",\"url\":\"https:\\\/\\\/essenled.com\\\/\",\"logo\":{\"@type\":\"ImageObject\",\"inLanguage\":\"cs\",\"@id\":\"https:\\\/\\\/essenled.com\\\/#\\\/schema\\\/logo\\\/image\\\/\",\"url\":\"https:\\\/\\\/essenled.com\\\/wp-content\\\/uploads\\\/2024\\\/01\\\/Essen-logo.png\",\"contentUrl\":\"https:\\\/\\\/essenled.com\\\/wp-content\\\/uploads\\\/2024\\\/01\\\/Essen-logo.png\",\"width\":800,\"height\":110,\"caption\":\"ESSENLED\"},\"image\":{\"@id\":\"https:\\\/\\\/essenled.com\\\/#\\\/schema\\\/logo\\\/image\\\/\"}},{\"@type\":\"Person\",\"@id\":\"https:\\\/\\\/essenled.com\\\/#\\\/schema\\\/person\\\/37cef56e83dc72fba62728896e2604f8\",\"name\":\"essenled.com\",\"image\":{\"@type\":\"ImageObject\",\"inLanguage\":\"cs\",\"@id\":\"https:\\\/\\\/secure.gravatar.com\\\/avatar\\\/67a86d7b09b4fa77190463150754f4f008b6e0aa9fd698ceb115608660ff9234?s=96&d=mm&r=g\",\"url\":\"https:\\\/\\\/secure.gravatar.com\\\/avatar\\\/67a86d7b09b4fa77190463150754f4f008b6e0aa9fd698ceb115608660ff9234?s=96&d=mm&r=g\",\"contentUrl\":\"https:\\\/\\\/secure.gravatar.com\\\/avatar\\\/67a86d7b09b4fa77190463150754f4f008b6e0aa9fd698ceb115608660ff9234?s=96&d=mm&r=g\",\"caption\":\"essenled.com\"},\"sameAs\":[\"https:\\\/\\\/essenled.com\"],\"url\":\"https:\\\/\\\/essenled.com\\\/cs\\\/author\\\/essenled-com\\\/\"}]}<\/script>\n<!-- \/ Yoast SEO Premium plugin. -->","yoast_head_json":{"title":"Osv\u011btlen\u00ed gar\u00e1\u017ee: ESSENLED: Komplexn\u00ed odborn\u00fd pr\u016fvodce 2024 - ESSENLED","description":"Pov\u00fd\u0161en\u00ed osv\u011btlen\u00ed gar\u00e1\u017ee z \u010dist\u011b funk\u010dn\u00edho n\u00e1stroje na kreativn\u00ed n\u00e1stroj m\u016f\u017ee splnit praktick\u00e9 pot\u0159eby a z\u00e1rove\u0148 dodat jedine\u010dn\u00fd p\u016fvab.","robots":{"index":"index","follow":"follow","max-snippet":"max-snippet:-1","max-image-preview":"max-image-preview:large","max-video-preview":"max-video-preview:-1"},"canonical":"https:\/\/essenled.com\/cs\/garage-lighting-a-comprehensive-professional-guide-2024\/","og_locale":"cs_CZ","og_type":"article","og_title":"Garage Lighting: A Comprehensive Professional Guide 2024","og_description":"Elevating garage lighting from a purely functional tool to a creative tool can meet practical needs while adding unique charm.","og_url":"https:\/\/essenled.com\/cs\/garage-lighting-a-comprehensive-professional-guide-2024\/","og_site_name":"ESSENLED","article_published_time":"2024-11-08T11:29:50+00:00","article_modified_time":"2024-11-08T11:29:51+00:00","og_image":[{"width":800,"height":500,"url":"https:\/\/essenled.com\/wp-content\/uploads\/2024\/11\/Garage-Lighting-A-Comprehensive-Professional-Guide-2024.webp","type":"image\/webp"}],"author":"essenled.com","twitter_card":"summary_large_image","twitter_misc":{"Napsal(a)":"essenled.com","Odhadovan\u00e1 doba \u010dten\u00ed":"8 minut"},"schema":{"@context":"https:\/\/schema.org","@graph":[{"@type":"Article","@id":"https:\/\/essenled.com\/garage-lighting-a-comprehensive-professional-guide-2024\/#article","isPartOf":{"@id":"https:\/\/essenled.com\/garage-lighting-a-comprehensive-professional-guide-2024\/"},"author":{"name":"essenled.com","@id":"https:\/\/essenled.com\/#\/schema\/person\/37cef56e83dc72fba62728896e2604f8"},"headline":"Garage Lighting: A Comprehensive Professional Guide 2024","datePublished":"2024-11-08T11:29:50+00:00","dateModified":"2024-11-08T11:29:51+00:00","mainEntityOfPage":{"@id":"https:\/\/essenled.com\/garage-lighting-a-comprehensive-professional-guide-2024\/"},"wordCount":1549,"publisher":{"@id":"https:\/\/essenled.com\/#organization"},"image":{"@id":"https:\/\/essenled.com\/garage-lighting-a-comprehensive-professional-guide-2024\/#primaryimage"},"thumbnailUrl":"https:\/\/essenled.com\/wp-content\/uploads\/2024\/11\/Garage-Lighting-A-Comprehensive-Professional-Guide-2024.webp","keywords":["best garage lighting","garage light fixtures","led garage ceiling lights"],"articleSection":["Blog"],"inLanguage":"cs"},{"@type":"WebPage","@id":"https:\/\/essenled.com\/garage-lighting-a-comprehensive-professional-guide-2024\/","url":"https:\/\/essenled.com\/garage-lighting-a-comprehensive-professional-guide-2024\/","name":"Osv\u011btlen\u00ed gar\u00e1\u017ee: ESSENLED: Komplexn\u00ed odborn\u00fd pr\u016fvodce 2024 - ESSENLED","isPartOf":{"@id":"https:\/\/essenled.com\/#website"},"primaryImageOfPage":{"@id":"https:\/\/essenled.com\/garage-lighting-a-comprehensive-professional-guide-2024\/#primaryimage"},"image":{"@id":"https:\/\/essenled.com\/garage-lighting-a-comprehensive-professional-guide-2024\/#primaryimage"},"thumbnailUrl":"https:\/\/essenled.com\/wp-content\/uploads\/2024\/11\/Garage-Lighting-A-Comprehensive-Professional-Guide-2024.webp","datePublished":"2024-11-08T11:29:50+00:00","dateModified":"2024-11-08T11:29:51+00:00","description":"Pov\u00fd\u0161en\u00ed osv\u011btlen\u00ed gar\u00e1\u017ee z \u010dist\u011b funk\u010dn\u00edho n\u00e1stroje na kreativn\u00ed n\u00e1stroj m\u016f\u017ee splnit praktick\u00e9 pot\u0159eby a z\u00e1rove\u0148 dodat jedine\u010dn\u00fd p\u016fvab.","breadcrumb":{"@id":"https:\/\/essenled.com\/garage-lighting-a-comprehensive-professional-guide-2024\/#breadcrumb"},"inLanguage":"cs","potentialAction":[{"@type":"ReadAction","target":["https:\/\/essenled.com\/garage-lighting-a-comprehensive-professional-guide-2024\/"]}]},{"@type":"ImageObject","inLanguage":"cs","@id":"https:\/\/essenled.com\/garage-lighting-a-comprehensive-professional-guide-2024\/#primaryimage","url":"https:\/\/essenled.com\/wp-content\/uploads\/2024\/11\/Garage-Lighting-A-Comprehensive-Professional-Guide-2024.webp","contentUrl":"https:\/\/essenled.com\/wp-content\/uploads\/2024\/11\/Garage-Lighting-A-Comprehensive-Professional-Guide-2024.webp","width":800,"height":500,"caption":"Garage Lighting A Comprehensive Professional Guide 2024"},{"@type":"BreadcrumbList","@id":"https:\/\/essenled.com\/garage-lighting-a-comprehensive-professional-guide-2024\/#breadcrumb","itemListElement":[{"@type":"ListItem","position":1,"name":"Home","item":"https:\/\/essenled.com\/"},{"@type":"ListItem","position":2,"name":"Garage Lighting: A Comprehensive Professional Guide 2024"}]},{"@type":"WebSite","@id":"https:\/\/essenled.com\/#website","url":"https:\/\/essenled.com\/","name":"ESSENLED","description":"","publisher":{"@id":"https:\/\/essenled.com\/#organization"},"potentialAction":[{"@type":"SearchAction","target":{"@type":"EntryPoint","urlTemplate":"https:\/\/essenled.com\/?s={search_term_string}"},"query-input":{"@type":"PropertyValueSpecification","valueRequired":true,"valueName":"search_term_string"}}],"inLanguage":"cs"},{"@type":"Organization","@id":"https:\/\/essenled.com\/#organization","name":"ESSENLED","url":"https:\/\/essenled.com\/","logo":{"@type":"ImageObject","inLanguage":"cs","@id":"https:\/\/essenled.com\/#\/schema\/logo\/image\/","url":"https:\/\/essenled.com\/wp-content\/uploads\/2024\/01\/Essen-logo.png","contentUrl":"https:\/\/essenled.com\/wp-content\/uploads\/2024\/01\/Essen-logo.png","width":800,"height":110,"caption":"ESSENLED"},"image":{"@id":"https:\/\/essenled.com\/#\/schema\/logo\/image\/"}},{"@type":"Person","@id":"https:\/\/essenled.com\/#\/schema\/person\/37cef56e83dc72fba62728896e2604f8","name":"essenled.com","image":{"@type":"ImageObject","inLanguage":"cs","@id":"https:\/\/secure.gravatar.com\/avatar\/67a86d7b09b4fa77190463150754f4f008b6e0aa9fd698ceb115608660ff9234?s=96&d=mm&r=g","url":"https:\/\/secure.gravatar.com\/avatar\/67a86d7b09b4fa77190463150754f4f008b6e0aa9fd698ceb115608660ff9234?s=96&d=mm&r=g","contentUrl":"https:\/\/secure.gravatar.com\/avatar\/67a86d7b09b4fa77190463150754f4f008b6e0aa9fd698ceb115608660ff9234?s=96&d=mm&r=g","caption":"essenled.com"},"sameAs":["https:\/\/essenled.com"],"url":"https:\/\/essenled.com\/cs\/author\/essenled-com\/"}]}},"_links":{"self":[{"href":"https:\/\/essenled.com\/cs\/wp-json\/wp\/v2\/posts\/2614","targetHints":{"allow":["GET"]}}],"collection":[{"href":"https:\/\/essenled.com\/cs\/wp-json\/wp\/v2\/posts"}],"about":[{"href":"https:\/\/essenled.com\/cs\/wp-json\/wp\/v2\/types\/post"}],"author":[{"embeddable":true,"href":"https:\/\/essenled.com\/cs\/wp-json\/wp\/v2\/users\/1"}],"replies":[{"embeddable":true,"href":"https:\/\/essenled.com\/cs\/wp-json\/wp\/v2\/comments?post=2614"}],"version-history":[{"count":7,"href":"https:\/\/essenled.com\/cs\/wp-json\/wp\/v2\/posts\/2614\/revisions"}],"predecessor-version":[{"id":2654,"href":"https:\/\/essenled.com\/cs\/wp-json\/wp\/v2\/posts\/2614\/revisions\/2654"}],"wp:featuredmedia":[{"embeddable":true,"href":"https:\/\/essenled.com\/cs\/wp-json\/wp\/v2\/media\/2651"}],"wp:attachment":[{"href":"https:\/\/essenled.com\/cs\/wp-json\/wp\/v2\/media?parent=2614"}],"wp:term":[{"taxonomy":"category","embeddable":true,"href":"https:\/\/essenled.com\/cs\/wp-json\/wp\/v2\/categories?post=2614"},{"taxonomy":"post_tag","embeddable":true,"href":"https:\/\/essenled.com\/cs\/wp-json\/wp\/v2\/tags?post=2614"}],"curies":[{"name":"wp","href":"https:\/\/api.w.org\/{rel}","templated":true}]}}